{"id":3550,"date":"2019-02-08T22:45:15","date_gmt":"2019-02-08T21:45:15","guid":{"rendered":"http:\/\/www.sddolomiti.si\/?p=3550"},"modified":"2019-03-12T21:04:33","modified_gmt":"2019-03-12T20:04:33","slug":"mostec-8-2-2019-drzavno-prvenstvo","status":"publish","type":"post","link":"https:\/\/www.sddolomiti.si\/?p=3550","title":{"rendered":"Mostec 8.2.2019 Dr\u017eavno prvenstvo"},"content":{"rendered":"<span itemprop=\"description\">\t\t<div data-elementor-type=\"wp-post\" data-elementor-id=\"3550\" class=\"elementor elementor-3550 elementor-bc-flex-widget\">\n\t\t\t\t\t\t<section class=\"elementor-section elementor-top-section elementor-element elementor-element-6e0c6ef elementor-section-boxed elementor-section-height-default elementor-section-height-default\" data-id=\"6e0c6ef\" data-element_type=\"section\" data-e-type=\"section\">\n\t\t\t\t\t\t<div class=\"elementor-container elementor-column-gap-default\">\n\t\t\t\t\t<div class=\"elementor-column elementor-col-50 elementor-top-column elementor-element elementor-element-d04dae7\" data-id=\"d04dae7\" data-element_type=\"column\" data-e-type=\"column\">\n\t\t\t<div class=\"elementor-widget-wrap elementor-element-populated\">\n\t\t\t\t\t\t<div class=\"elementor-element elementor-element-8e894e9 elementor-widget elementor-widget-text-editor\" data-id=\"8e894e9\" data-element_type=\"widget\" data-e-type=\"widget\" data-widget_type=\"text-editor.default\">\n\t\t\t\t<div class=\"elementor-widget-container\">\n\t\t\t\t\t\t\t\t\t<p>Dne 8.2.2019 je v Mostecu potekalo dr\u017eavno prvenstvo za de\u010dke in deklice do 12 in do 13 let.\u00a0<br \/>Dr\u017eavni podprvak med de\u010dki do 13 let je Matej Plut!\u00a0<br \/>Med deklicami do 12 let je odli\u010dno tretje mesto dosegla Tina Erzar!<br \/>Ekipa SD Dolomiti v sestavi Nejc Logar, Matic Perme, Matej Plut in Tina Erzar je na ekipni tekmi sko\u010dila na 5. mesto med 22 ekipami!\u00a0\ud83d\ude0a<br \/>Uvrstitev med deseterico sta v kategoriji deklic do 12 let dosegli \u0161e Sara Bilban (7.) in Jerca Be\u010dan (10.)\u00a0<br \/>\u010cestitke!\u00a0\ud83e\udd48\ud83e\udd49<\/p>\t\t\t\t\t\t\t\t<\/div>\n\t\t\t\t<\/div>\n\t\t\t\t<div class=\"elementor-element elementor-element-18d7eb8 elementor-widget elementor-widget-image\" data-id=\"18d7eb8\" data-element_type=\"widget\" data-e-type=\"widget\" data-widget_type=\"image.default\">\n\t\t\t\t<div class=\"elementor-widget-container\">\n\t\t\t\t\t\t\t\t\t\t\t\t\t\t\t<img fetchpriority=\"high\" decoding=\"async\" width=\"640\" height=\"480\" src=\"https:\/\/www.sddolomiti.si\/wp-content\/uploads\/Mostec_2019-2.png\" class=\"attachment-large size-large wp-image-3578 aligncenter\" alt=\"\" \/>\t\t\t\t\t\t\t\t\t\t\t\t\t\t\t<\/div>\n\t\t\t\t<\/div>\n\t\t\t\t\t<\/div>\n\t\t<\/div>\n\t\t\t\t<div class=\"elementor-column elementor-col-50 elementor-top-column elementor-element elementor-element-c1a6f07\" data-id=\"c1a6f07\" data-element_type=\"column\" data-e-type=\"column\">\n\t\t\t<div class=\"elementor-widget-wrap elementor-element-populated\">\n\t\t\t\t\t\t<div class=\"elementor-element elementor-element-0ad661a elementor-widget elementor-widget-image\" data-id=\"0ad661a\" data-element_type=\"widget\" data-e-type=\"widget\" data-widget_type=\"image.default\">\n\t\t\t\t<div class=\"elementor-widget-container\">\n\t\t\t\t\t\t\t\t\t\t\t\t\t\t\t<img decoding=\"async\" width=\"480\" height=\"640\" src=\"https:\/\/www.sddolomiti.si\/wp-content\/uploads\/Mostec_2019-1.png\" class=\"attachment-large size-large wp-image-3577 aligncenter\" alt=\"\" \/>\t\t\t\t\t\t\t\t\t\t\t\t\t\t\t<\/div>\n\t\t\t\t<\/div>\n\t\t\t\t\t<\/div>\n\t\t<\/div>\n\t\t\t\t\t<\/div>\n\t\t<\/section>\n\t\t\t\t<\/div>\n\t\t<span>","protected":false},"excerpt":{"rendered":"<p class=\"excerpt\"><span itemprop=\"description\">Dne 8.2.2019 je v Mostecu potekalo dr\u017eavno prvenstvo za de\u010dke in deklice do 12 in do 13 let.&nbsp; Dr\u017eavni podprvak med de\u010dki do 13 let je Matej Plut!&nbsp; Med deklicami do 12 let je odli\u010dno tretje mesto dosegla Tina Erzar! Ekipa SD Dolomiti v sestavi Nejc Logar, Matic Perme, Matej&hellip;<\/span><\/p>\n<p class=\"more-link-p btn-align-center\"><a class=\"green zoom-btn\" href=\"https:\/\/www.sddolomiti.si\/?p=3550\">Preberi<\/a><\/p>\n","protected":false},"author":7,"featured_media":0,"comment_status":"closed","ping_status":"closed","sticky":false,"template":"","format":"gallery","meta":{"_crdt_document":"","footnotes":""},"categories":[13],"tags":[],"class_list":["post-3550","post","type-post","status-publish","format-gallery","hentry","category-vse_kategorije","post_format-post-format-gallery"],"_links":{"self":[{"href":"https:\/\/www.sddolomiti.si\/index.php?rest_route=\/wp\/v2\/posts\/3550","targetHints":{"allow":["GET"]}}],"collection":[{"href":"https:\/\/www.sddolomiti.si\/index.php?rest_route=\/wp\/v2\/posts"}],"about":[{"href":"https:\/\/www.sddolomiti.si\/index.php?rest_route=\/wp\/v2\/types\/post"}],"author":[{"embeddable":true,"href":"https:\/\/www.sddolomiti.si\/index.php?rest_route=\/wp\/v2\/users\/7"}],"replies":[{"embeddable":true,"href":"https:\/\/www.sddolomiti.si\/index.php?rest_route=%2Fwp%2Fv2%2Fcomments&post=3550"}],"version-history":[{"count":0,"href":"https:\/\/www.sddolomiti.si\/index.php?rest_route=\/wp\/v2\/posts\/3550\/revisions"}],"wp:attachment":[{"href":"https:\/\/www.sddolomiti.si\/index.php?rest_route=%2Fwp%2Fv2%2Fmedia&parent=3550"}],"wp:term":[{"taxonomy":"category","embeddable":true,"href":"https:\/\/www.sddolomiti.si\/index.php?rest_route=%2Fwp%2Fv2%2Fcategories&post=3550"},{"taxonomy":"post_tag","embeddable":true,"href":"https:\/\/www.sddolomiti.si\/index.php?rest_route=%2Fwp%2Fv2%2Ftags&post=3550"}],"curies":[{"name":"wp","href":"https:\/\/api.w.org\/{rel}","templated":true}]}}