{"id":3726,"date":"2019-11-17T19:07:54","date_gmt":"2019-11-17T18:07:54","guid":{"rendered":"http:\/\/www.sddolomiti.si\/?p=3726"},"modified":"2019-11-17T19:09:00","modified_gmt":"2019-11-17T18:09:00","slug":"planica-dp-15-10-2019","status":"publish","type":"post","link":"https:\/\/www.sddolomiti.si\/?p=3726","title":{"rendered":"Planica DP 15.10.2019"},"content":{"rendered":"<span itemprop=\"description\">\t\t<div data-elementor-type=\"wp-post\" data-elementor-id=\"3726\" class=\"elementor elementor-3726\">\n\t\t\t\t\t\t<section class=\"elementor-section elementor-top-section elementor-element elementor-element-b0b4098 elementor-section-boxed elementor-section-height-default elementor-section-height-default\" data-id=\"b0b4098\" data-element_type=\"section\" data-e-type=\"section\">\n\t\t\t\t\t\t<div class=\"elementor-container elementor-column-gap-default\">\n\t\t\t\t\t<div class=\"elementor-column elementor-col-100 elementor-top-column elementor-element elementor-element-b18375a\" data-id=\"b18375a\" data-element_type=\"column\" data-e-type=\"column\">\n\t\t\t<div class=\"elementor-widget-wrap elementor-element-populated\">\n\t\t\t\t\t\t<div class=\"elementor-element elementor-element-25b5d5c elementor-widget elementor-widget-text-editor\" data-id=\"25b5d5c\" data-element_type=\"widget\" data-e-type=\"widget\" data-widget_type=\"text-editor.default\">\n\t\t\t\t<div class=\"elementor-widget-container\">\n\t\t\t\t\t\t\t\t\t<p>Danes smo se v Planici, na dr\u017eavnem prvenstvu de\u010dkov in deklic do 14 in do 15 let, svetili prete\u017eno v srebrni barvi: imamo dva dr\u017eavna podprvaka:<br \/>Matej Plut (D14) <span class=\"_5mfr\"><span class=\"_6qdm\" style=\"height: 16px; width: 16px; font-size: 16px; background-image: url('https:\/\/static.xx.fbcdn.net\/images\/emoji.php\/v9\/t15\/1\/16\/1f948.png');\">\ud83e\udd48<\/span><\/span><br \/>Iztok Be\u010dan (D15) <span class=\"_5mfr\"><span class=\"_6qdm\" style=\"height: 16px; width: 16px; font-size: 16px; background-image: url('https:\/\/static.xx.fbcdn.net\/images\/emoji.php\/v9\/t15\/1\/16\/1f948.png');\">\ud83e\udd48<\/span><\/span><br \/>Tudi ekipno smo postali dr\u017eavni podprvaki v kategoriji D15. Ekipo so zastopali: Tina Erzar, Matic Perme, Matej Plut in Iztok Be\u010dan <span class=\"_5mfr\"><span class=\"_6qdm\" style=\"height: 16px; width: 16px; font-size: 16px; background-image: url('https:\/\/static.xx.fbcdn.net\/images\/emoji.php\/v9\/t15\/1\/16\/1f948.png');\">\ud83e\udd48<\/span><\/span><span class=\"_5mfr\"><span class=\"_6qdm\" style=\"height: 16px; width: 16px; font-size: 16px; background-image: url('https:\/\/static.xx.fbcdn.net\/images\/emoji.php\/v9\/t15\/1\/16\/1f948.png');\">\ud83e\udd48<\/span><\/span><span class=\"_5mfr\"><span class=\"_6qdm\" style=\"height: 16px; width: 16px; font-size: 16px; background-image: url('https:\/\/static.xx.fbcdn.net\/images\/emoji.php\/v9\/t15\/1\/16\/1f948.png');\">\ud83e\udd48<\/span><\/span><span class=\"_5mfr\"><span class=\"_6qdm\" style=\"height: 16px; width: 16px; font-size: 16px; background-image: url('https:\/\/static.xx.fbcdn.net\/images\/emoji.php\/v9\/t15\/1\/16\/1f948.png');\">\ud83e\udd48<\/span><\/span><br \/>Tina Erzar je med deklicami do 14 let osvojila 6. mesto<br \/>\u010cestitke!!!! <span class=\"_5mfr\"><span class=\"_6qdm\" style=\"height: 16px; width: 16px; font-size: 16px; background-image: url('https:\/\/static.xx.fbcdn.net\/images\/emoji.php\/v9\/tce\/1\/16\/1f600.png');\">\ud83d\ude00<\/span><\/span><span class=\"_5mfr\"><span class=\"_6qdm\" style=\"height: 16px; width: 16px; font-size: 16px; background-image: url('https:\/\/static.xx.fbcdn.net\/images\/emoji.php\/v9\/tce\/1\/16\/1f600.png');\">\ud83d\ude00<\/span><\/span><span class=\"_5mfr\"><span class=\"_6qdm\" style=\"height: 16px; width: 16px; font-size: 16px; background-image: url('https:\/\/static.xx.fbcdn.net\/images\/emoji.php\/v9\/tce\/1\/16\/1f600.png');\">\ud83d\ude00<\/span><\/span><\/p>\t\t\t\t\t\t\t\t<\/div>\n\t\t\t\t<\/div>\n\t\t\t\t\t<\/div>\n\t\t<\/div>\n\t\t\t\t\t<\/div>\n\t\t<\/section>\n\t\t\t\t<section class=\"elementor-section elementor-top-section elementor-element elementor-element-fe0cc38 elementor-section-boxed elementor-section-height-default elementor-section-height-default\" data-id=\"fe0cc38\" data-element_type=\"section\" data-e-type=\"section\">\n\t\t\t\t\t\t<div class=\"elementor-container elementor-column-gap-default\">\n\t\t\t\t\t<div class=\"elementor-column elementor-col-100 elementor-top-column elementor-element elementor-element-27ea46d\" data-id=\"27ea46d\" data-element_type=\"column\" data-e-type=\"column\">\n\t\t\t<div class=\"elementor-widget-wrap elementor-element-populated\">\n\t\t\t\t\t\t<div class=\"elementor-element elementor-element-6f81a0e elementor-widget elementor-widget-image\" data-id=\"6f81a0e\" data-element_type=\"widget\" data-e-type=\"widget\" data-widget_type=\"image.default\">\n\t\t\t\t<div class=\"elementor-widget-container\">\n\t\t\t\t\t\t\t\t\t\t\t\t\t\t\t\t<a href=\"http:\/\/www.sddolomiti.si\/wp-content\/uploads\/Planica_2019_10.jpg\" data-elementor-open-lightbox=\"yes\" data-elementor-lightbox-title=\"Planica_2019_10\" data-e-action-hash=\"#elementor-action%3Aaction%3Dlightbox%26settings%3DeyJpZCI6MzcyOCwidXJsIjoiaHR0cHM6XC9cL3d3dy5zZGRvbG9taXRpLnNpXC93cC1jb250ZW50XC91cGxvYWRzXC9QbGFuaWNhXzIwMTlfMTAuanBnIn0%3D\">\n\t\t\t\t\t\t\t<img fetchpriority=\"high\" decoding=\"async\" width=\"640\" height=\"480\" src=\"https:\/\/www.sddolomiti.si\/wp-content\/uploads\/Planica_2019_10.jpg\" class=\"attachment-large size-large wp-image-3728 aligncenter\" alt=\"\" \/>\t\t\t\t\t\t\t\t<\/a>\n\t\t\t\t\t\t\t\t\t\t\t\t\t\t\t<\/div>\n\t\t\t\t<\/div>\n\t\t\t\t\t<\/div>\n\t\t<\/div>\n\t\t\t\t\t<\/div>\n\t\t<\/section>\n\t\t\t\t<\/div>\n\t\t<span>","protected":false},"excerpt":{"rendered":"<p class=\"excerpt\"><span itemprop=\"description\">Danes smo se v Planici, na dr\u017eavnem prvenstvu de\u010dkov in deklic do 14 in do 15 let, svetili prete\u017eno v srebrni barvi: imamo dva dr\u017eavna podprvaka:Matej Plut (D14) ?Iztok Be\u010dan (D15) ?Tudi ekipno smo postali dr\u017eavni podprvaki v kategoriji D15. Ekipo so zastopali: Tina Erzar, Matic Perme, Matej Plut in&hellip;<\/span><\/p>\n<p class=\"more-link-p btn-align-center\"><a class=\"green zoom-btn\" href=\"https:\/\/www.sddolomiti.si\/?p=3726\">Preberi<\/a><\/p>\n","protected":false},"author":7,"featured_media":0,"comment_status":"closed","ping_status":"closed","sticky":false,"template":"","format":"gallery","meta":{"_crdt_document":"","footnotes":""},"categories":[13],"tags":[],"class_list":["post-3726","post","type-post","status-publish","format-gallery","hentry","category-vse_kategorije","post_format-post-format-gallery"],"_links":{"self":[{"href":"https:\/\/www.sddolomiti.si\/index.php?rest_route=\/wp\/v2\/posts\/3726","targetHints":{"allow":["GET"]}}],"collection":[{"href":"https:\/\/www.sddolomiti.si\/index.php?rest_route=\/wp\/v2\/posts"}],"about":[{"href":"https:\/\/www.sddolomiti.si\/index.php?rest_route=\/wp\/v2\/types\/post"}],"author":[{"embeddable":true,"href":"https:\/\/www.sddolomiti.si\/index.php?rest_route=\/wp\/v2\/users\/7"}],"replies":[{"embeddable":true,"href":"https:\/\/www.sddolomiti.si\/index.php?rest_route=%2Fwp%2Fv2%2Fcomments&post=3726"}],"version-history":[{"count":0,"href":"https:\/\/www.sddolomiti.si\/index.php?rest_route=\/wp\/v2\/posts\/3726\/revisions"}],"wp:attachment":[{"href":"https:\/\/www.sddolomiti.si\/index.php?rest_route=%2Fwp%2Fv2%2Fmedia&parent=3726"}],"wp:term":[{"taxonomy":"category","embeddable":true,"href":"https:\/\/www.sddolomiti.si\/index.php?rest_route=%2Fwp%2Fv2%2Fcategories&post=3726"},{"taxonomy":"post_tag","embeddable":true,"href":"https:\/\/www.sddolomiti.si\/index.php?rest_route=%2Fwp%2Fv2%2Ftags&post=3726"}],"curies":[{"name":"wp","href":"https:\/\/api.w.org\/{rel}","templated":true}]}}