{"id":3767,"date":"2020-01-29T23:02:00","date_gmt":"2020-01-29T22:02:00","guid":{"rendered":"http:\/\/www.sddolomiti.si\/?p=3767"},"modified":"2020-04-21T23:03:42","modified_gmt":"2020-04-21T21:03:42","slug":"planica-dp-do-16-let-zmaga-za-sd-dolomiti","status":"publish","type":"post","link":"https:\/\/www.sddolomiti.si\/?p=3767","title":{"rendered":"Planica DP do 16 let zmaga za SD Dolomiti"},"content":{"rendered":"<span itemprop=\"description\">\n<div class=\"wp-block-group alignwide\"><div class=\"wp-block-group__inner-container is-layout-flow wp-block-group-is-layout-flow\">\n<div class=\"wp-block-media-text alignwide is-stacked-on-mobile is-vertically-aligned-center\"><figure class=\"wp-block-media-text__media\"><img fetchpriority=\"high\" decoding=\"async\" width=\"480\" height=\"640\" src=\"http:\/\/www.sddolomiti.si\/wp-content\/uploads\/Matej_Dolomiti_Planica_2020-01-29.jpg\" alt=\"Planica DP 16 let\" class=\"wp-image-3769\"\/><\/figure><div class=\"wp-block-media-text__content\">\n<p class=\"has-text-align-left wp-block-paragraph\">Ekipa SD Dolomiti &#8211; mladinci do 16 let &#8211; v Planici osvojila naslov DR\u017dAVNIH PRVAKOV! ? Na\u0161i fantje so odli\u010dno skakali tudi na posami\u010dni tekmi, prav vsi sodosegli odli\u010dne rezultate na posami\u010dni tekmi, kar se je z odli\u010dnim izkupi\u010dkom to\u010dk poznalo tudi na skupinski tekmi proti ostalim ekipam:<br \/>Nejc Podgor\u0161ek &#8211; dr\u017eavni podprvak ?<br \/>Matej Plut &#8211; 5. mesto<br \/>Lovro Perme &#8211; 8. mesto<br \/>Iztok Be\u010dan &#8211; 16. mesto<br \/>Vsi skupaj pa so na ekipni tekmi sko\u010dili do ZMAGE ?\u010cestitke!!<\/p>\n<\/div><\/div>\n<\/div><\/div>\n<span>","protected":false},"excerpt":{"rendered":"<p class=\"excerpt\"><span itemprop=\"description\">Ekipa SD Dolomiti &#8211; mladinci do 16 let &#8211; v Planici osvojila naslov DR\u017dAVNIH PRVAKOV! ? Na\u0161i fantje so odli\u010dno skakali tudi na posami\u010dni tekmi, prav vsi sodosegli odli\u010dne rezultate na posami\u010dni tekmi, kar se je z odli\u010dnim izkupi\u010dkom to\u010dk poznalo tudi na skupinski tekmi proti ostalim ekipam:Nejc Podgor\u0161ek &#8211;&hellip;<\/span><\/p>\n<p class=\"more-link-p btn-align-center\"><a class=\"green zoom-btn\" href=\"https:\/\/www.sddolomiti.si\/?p=3767\">Preberi<\/a><\/p>\n","protected":false},"author":7,"featured_media":3769,"comment_status":"closed","ping_status":"closed","sticky":false,"template":"","format":"gallery","meta":{"_crdt_document":"","footnotes":""},"categories":[13],"tags":[],"class_list":["post-3767","post","type-post","status-publish","format-gallery","has-post-thumbnail","hentry","category-vse_kategorije","post_format-post-format-gallery"],"_links":{"self":[{"href":"https:\/\/www.sddolomiti.si\/index.php?rest_route=\/wp\/v2\/posts\/3767","targetHints":{"allow":["GET"]}}],"collection":[{"href":"https:\/\/www.sddolomiti.si\/index.php?rest_route=\/wp\/v2\/posts"}],"about":[{"href":"https:\/\/www.sddolomiti.si\/index.php?rest_route=\/wp\/v2\/types\/post"}],"author":[{"embeddable":true,"href":"https:\/\/www.sddolomiti.si\/index.php?rest_route=\/wp\/v2\/users\/7"}],"replies":[{"embeddable":true,"href":"https:\/\/www.sddolomiti.si\/index.php?rest_route=%2Fwp%2Fv2%2Fcomments&post=3767"}],"version-history":[{"count":0,"href":"https:\/\/www.sddolomiti.si\/index.php?rest_route=\/wp\/v2\/posts\/3767\/revisions"}],"wp:featuredmedia":[{"embeddable":true,"href":"https:\/\/www.sddolomiti.si\/index.php?rest_route=\/wp\/v2\/media\/3769"}],"wp:attachment":[{"href":"https:\/\/www.sddolomiti.si\/index.php?rest_route=%2Fwp%2Fv2%2Fmedia&parent=3767"}],"wp:term":[{"taxonomy":"category","embeddable":true,"href":"https:\/\/www.sddolomiti.si\/index.php?rest_route=%2Fwp%2Fv2%2Fcategories&post=3767"},{"taxonomy":"post_tag","embeddable":true,"href":"https:\/\/www.sddolomiti.si\/index.php?rest_route=%2Fwp%2Fv2%2Ftags&post=3767"}],"curies":[{"name":"wp","href":"https:\/\/api.w.org\/{rel}","templated":true}]}}