{"id":3771,"date":"2020-01-26T23:04:00","date_gmt":"2020-01-26T22:04:00","guid":{"rendered":"http:\/\/www.sddolomiti.si\/?p=3771"},"modified":"2020-01-30T23:06:17","modified_gmt":"2020-01-30T22:06:17","slug":"pokal-cockta-v-kranj","status":"publish","type":"post","link":"https:\/\/www.sddolomiti.si\/?p=3771","title":{"rendered":"Pokal Cockta v Kranj"},"content":{"rendered":"<span itemprop=\"description\">\t\t<div data-elementor-type=\"wp-post\" data-elementor-id=\"3771\" class=\"elementor elementor-3771\">\n\t\t\t\t\t\t<section class=\"elementor-section elementor-top-section elementor-element elementor-element-b3f6811 elementor-section-boxed elementor-section-height-default elementor-section-height-default\" data-id=\"b3f6811\" data-element_type=\"section\" data-e-type=\"section\">\n\t\t\t\t\t\t<div class=\"elementor-container elementor-column-gap-default\">\n\t\t\t\t\t<div class=\"elementor-column elementor-col-100 elementor-top-column elementor-element elementor-element-a53ee0c\" data-id=\"a53ee0c\" data-element_type=\"column\" data-e-type=\"column\">\n\t\t\t<div class=\"elementor-widget-wrap elementor-element-populated\">\n\t\t\t\t\t\t<div class=\"elementor-element elementor-element-7a5f9dc elementor-widget elementor-widget-image\" data-id=\"7a5f9dc\" data-element_type=\"widget\" data-e-type=\"widget\" data-widget_type=\"image.default\">\n\t\t\t\t<div class=\"elementor-widget-container\">\n\t\t\t\t\t\t\t\t\t\t\t\t\t\t\t<img fetchpriority=\"high\" decoding=\"async\" width=\"720\" height=\"960\" src=\"https:\/\/www.sddolomiti.si\/wp-content\/uploads\/Jerca_Tina_Kranj_2020-01-26.jpg\" class=\"attachment-large size-large wp-image-3773 aligncenter\" alt=\"Pokal Cockta v Kranj\" srcset=\"https:\/\/www.sddolomiti.si\/wp-content\/uploads\/Jerca_Tina_Kranj_2020-01-26.jpg 720w, https:\/\/www.sddolomiti.si\/wp-content\/uploads\/Jerca_Tina_Kranj_2020-01-26-600x800.jpg 600w\" sizes=\"(max-width: 720px) 100vw, 720px\" \/>\t\t\t\t\t\t\t\t\t\t\t\t\t\t\t<\/div>\n\t\t\t\t<\/div>\n\t\t\t\t\t<\/div>\n\t\t<\/div>\n\t\t\t\t\t<\/div>\n\t\t<\/section>\n\t\t\t\t<section class=\"elementor-section elementor-top-section elementor-element elementor-element-7d25a73 elementor-section-boxed elementor-section-height-default elementor-section-height-default\" data-id=\"7d25a73\" data-element_type=\"section\" data-e-type=\"section\">\n\t\t\t\t\t\t<div class=\"elementor-container elementor-column-gap-default\">\n\t\t\t\t\t<div class=\"elementor-column elementor-col-100 elementor-top-column elementor-element elementor-element-72060e3\" data-id=\"72060e3\" data-element_type=\"column\" data-e-type=\"column\">\n\t\t\t<div class=\"elementor-widget-wrap elementor-element-populated\">\n\t\t\t\t\t\t<div class=\"elementor-element elementor-element-faff4f0 elementor-widget elementor-widget-text-editor\" data-id=\"faff4f0\" data-element_type=\"widget\" data-e-type=\"widget\" data-widget_type=\"text-editor.default\">\n\t\t\t\t<div class=\"elementor-widget-container\">\n\t\t\t\t\t\t\t\t\t<p>Na tekmi za Pokal Cockta v Kranju, 26.1.2020, v kategorijah de\u010dkov in deklic do 12 in do 13 let so nas zastopali: Jerca Be\u010dan, Tina Erzar, Nejc Logar, Oskar An\u017ein in Tine Sotlar.<\/p>\n<p>Dekleti sta nas ponovno razveselili z uvrstitvijo na stopni\u010dke:<br \/>De13: Jerca Be\u010dan 1. mesto<span class=\"_5mfr\"><span class=\"_6qdm\">\ud83e\udd47<\/span><\/span><br \/>De12: Tina Erzar 3. mesto <span class=\"_5mfr\"><span class=\"_6qdm\">\ud83e\udd49<\/span><\/span><span class=\"text_exposed_show\"><br \/>Med deseterico se je uvrstil tudi Nejc Logar, na 9. mesto, v kategoriji de\u010dkov do 13 let.<\/span><\/p>\n<div class=\"text_exposed_show\">\n<p>Jerca in Nejc sta uspe\u0161no nastopila tudi na DP v nordijski kombinaciji in se uvrstila na 4. mesto (Jerca) in 12. mesto (Nejc).<br \/>\u010cestitke!<\/p>\n<\/div>\t\t\t\t\t\t\t\t<\/div>\n\t\t\t\t<\/div>\n\t\t\t\t\t<\/div>\n\t\t<\/div>\n\t\t\t\t\t<\/div>\n\t\t<\/section>\n\t\t\t\t<\/div>\n\t\t<span>","protected":false},"excerpt":{"rendered":"<p class=\"excerpt\"><span itemprop=\"description\">Na tekmi za Pokal Cockta v Kranju, 26.1.2020, v kategorijah de\u010dkov in deklic do 12 in do 13 let so nas zastopali: Jerca Be\u010dan, Tina Erzar, Nejc Logar, Oskar An\u017ein in Tine Sotlar. Dekleti sta nas ponovno razveselili z uvrstitvijo na stopni\u010dke: De13: Jerca Be\u010dan 1. mesto? De12: Tina Erzar&hellip;<\/span><\/p>\n<p class=\"more-link-p btn-align-center\"><a class=\"green zoom-btn\" href=\"https:\/\/www.sddolomiti.si\/?p=3771\">Preberi<\/a><\/p>\n","protected":false},"author":7,"featured_media":3773,"comment_status":"closed","ping_status":"closed","sticky":false,"template":"","format":"gallery","meta":{"_crdt_document":"","footnotes":""},"categories":[13],"tags":[],"class_list":["post-3771","post","type-post","status-publish","format-gallery","has-post-thumbnail","hentry","category-vse_kategorije","post_format-post-format-gallery"],"_links":{"self":[{"href":"https:\/\/www.sddolomiti.si\/index.php?rest_route=\/wp\/v2\/posts\/3771","targetHints":{"allow":["GET"]}}],"collection":[{"href":"https:\/\/www.sddolomiti.si\/index.php?rest_route=\/wp\/v2\/posts"}],"about":[{"href":"https:\/\/www.sddolomiti.si\/index.php?rest_route=\/wp\/v2\/types\/post"}],"author":[{"embeddable":true,"href":"https:\/\/www.sddolomiti.si\/index.php?rest_route=\/wp\/v2\/users\/7"}],"replies":[{"embeddable":true,"href":"https:\/\/www.sddolomiti.si\/index.php?rest_route=%2Fwp%2Fv2%2Fcomments&post=3771"}],"version-history":[{"count":0,"href":"https:\/\/www.sddolomiti.si\/index.php?rest_route=\/wp\/v2\/posts\/3771\/revisions"}],"wp:featuredmedia":[{"embeddable":true,"href":"https:\/\/www.sddolomiti.si\/index.php?rest_route=\/wp\/v2\/media\/3773"}],"wp:attachment":[{"href":"https:\/\/www.sddolomiti.si\/index.php?rest_route=%2Fwp%2Fv2%2Fmedia&parent=3771"}],"wp:term":[{"taxonomy":"category","embeddable":true,"href":"https:\/\/www.sddolomiti.si\/index.php?rest_route=%2Fwp%2Fv2%2Fcategories&post=3771"},{"taxonomy":"post_tag","embeddable":true,"href":"https:\/\/www.sddolomiti.si\/index.php?rest_route=%2Fwp%2Fv2%2Ftags&post=3771"}],"curies":[{"name":"wp","href":"https:\/\/api.w.org\/{rel}","templated":true}]}}